{"id":248977,"date":"2022-10-06T08:53:10","date_gmt":"2022-10-06T11:53:10","guid":{"rendered":"https:\/\/colegioconcepcionlosangeles.cl\/wp\/?p=248977"},"modified":"2022-10-06T08:53:20","modified_gmt":"2022-10-06T11:53:20","slug":"copa-de-la-amistad-2022","status":"publish","type":"post","link":"https:\/\/colegioconcepcionlosangeles.cl\/wp\/copa-de-la-amistad-2022\/","title":{"rendered":"Copa de la Amistad 2022"},"content":{"rendered":"<p>[et_pb_section fb_built=\u00bb1&#8243; admin_label=\u00bbsection\u00bb _builder_version=\u00bb4.16&#8243; global_colors_info=\u00bb{}\u00bb][et_pb_row admin_label=\u00bbrow\u00bb _builder_version=\u00bb4.16&#8243; background_size=\u00bbinitial\u00bb background_position=\u00bbtop_left\u00bb background_repeat=\u00bbrepeat\u00bb global_colors_info=\u00bb{}\u00bb][et_pb_column type=\u00bb4_4&#8243; _builder_version=\u00bb4.16&#8243; custom_padding=\u00bb|||\u00bb pac_dcm_carousel_specific_module_num=\u00bb0&#8243; global_colors_info=\u00bb{}\u00bb custom_padding__hover=\u00bb|||\u00bb][et_pb_text _builder_version=\u00bb4.18.0&#8243; _module_preset=\u00bbdefault\u00bb text_orientation=\u00bbjustified\u00bb hover_enabled=\u00bb0&#8243; sticky_enabled=\u00bb0&#8243;]El pasado domingo, se vivi\u00f3 una gran jornada deportiva en la cancha \u201cDeportivo Coilaco\u201d, ubicada en los pies del cerro \u00d1ielol en la ciudad de Temuco. All\u00ed la selecci\u00f3n sub16 y sub13 de nuestro colegio (jugadores de quinto b\u00e1sico a cuarto medio) se midieron frente a sus similares del citado club, equipo que, por cierto, participa actualmente del torneo ANFA de la asociaci\u00f3n de aquella ciudad.<\/p>\n<p>Fue una jornada muy familiar y deportiva a la vez, con padres y apoderados presentes, lienzos y bombos en la cancha, todo lo cual le dio un marco que hizo de la jornada algo muy especial.  En \u00e9l se llev\u00f3 a cabo un minuto de silencio en honor a un joven asesinado en el futbol rural de nuestra regi\u00f3n la semana reci\u00e9n pasada y, adem\u00e1s, por toda la violencia que ha visto en las barras a nivel nacional e internacional\u00bb.<\/p>\n<p>Los resultados fueron los siguientes:<\/p>\n<p><b>Sub13<\/b><br \/>\nColegio Concepci\u00f3n Los \u00c1ngeles 4, Club Deportivo Coilaco 2<\/p>\n<p><b>Sub16<\/b><br \/>\nColegio Concepci\u00f3n Los \u00c1ngeles 2, Club Deportivo Coilaco 5<\/p>\n<p><b>Los Jugadores:<\/b><\/p>\n<p><b>N\u00f3mina Sub 13<\/b><br \/>\n&#8211; Michael Honeyman.<br \/>\n&#8211; Rodrigo Rioseco.<br \/>\n&#8211; Francisco Mu\u00f1oz.<br \/>\n&#8211; Jos\u00e9 Tomas Araneda.<br \/>\n&#8211; Said Suknis.<br \/>\n&#8211; Nicol\u00e1s Melo<br \/>\n&#8211; Martin Araneda.<br \/>\n&#8211; Marco da Fontoura<br \/>\n&#8211; Tomas Moran<br \/>\n&#8211; Dante Omon.<br \/>\n&#8211; Diego Tapia<br \/>\n&#8211; Martin Benavides<br \/>\n&#8211; Mateo Vel\u00e1squez<br \/>\n&#8211; Pedro Sanhueza<br \/>\n&#8211; Maximiliano Saavedra<br \/>\n&#8211; Entu Liang.<\/p>\n<p><b>N\u00f3mina Sub 16<\/b><br \/>\n&#8211; Carlos Cortes<br \/>\n&#8211; Ignacio Gallardo<br \/>\n&#8211; Mat\u00edas Llanos<br \/>\n&#8211; Felipe Bracamonte<br \/>\n&#8211; Luciano Bancalari<br \/>\n&#8211; Gabriel Zelaya<br \/>\n&#8211; Joaqu\u00edn C\u00e1rdenas<br \/>\n&#8211; Alex Benavides<br \/>\n&#8211; Juan Pablo Moncada<br \/>\n&#8211; Exequiel Ogaz<br \/>\n&#8211; Benjam\u00edn Henr\u00edquez<br \/>\n&#8211; Javier Villam\u00e1n<br \/>\n&#8211; Renato Caballero<br \/>\n&#8211; Benjam\u00edn Lizama<br \/>\n&#8211; Sebasti\u00e1n Matamala<br \/>\n&#8211; Vicente Vera<\/p>\n<p>Fue, sin duda, una jornada muy grata y bella, que finaliz\u00f3 con una visita al estadio \u201cGerman Becker\u201d. Muy contentos y agradecidos por la buena acogida del Deportivo Coilaco, sus profesores encargados de las series y presidente de dicho club.<\/p>\n<p>\u00a1Que viva el futbol! y felicidades a nuestros j\u00f3venes que, semana a semana, est\u00e1n representando a nuestro colegio en esta rama deportiva.<br \/>\n[\/et_pb_text][\/et_pb_column][\/et_pb_row][et_pb_row _builder_version=\u00bb4.18.0&#8243; _module_preset=\u00bbdefault\u00bb][et_pb_column _builder_version=\u00bb4.18.0&#8243; _module_preset=\u00bbdefault\u00bb type=\u00bb4_4&#8243;][et_pb_gallery _builder_version=\u00bb4.18.0&#8243; _module_preset=\u00bbdefault\u00bb gallery_ids=\u00bb248980,248981,248982,248983,248984,248985,248986,248987,248988,248989,248990,248991,248992,248993,248994,248995,248996,248997,248998,248999,249000,249001,249002,249003,249004,249005,249006,249007,249008,249009,249010,249011,249012,249013,249014,249015,249016,249017,249018,249019,249020,249021,249022,249023,249024,249025,249026,249027,249028,249029,249030,249031,249032,249033,249034,249035,249036,249037,249038,249039,249040,249041,249042,249043,249044,249045,249046,249047,249048,249049,249050,249051,249052&#8243; posts_number=\u00bb100&#8243; show_title_and_caption=\u00bboff\u00bb hover_enabled=\u00bb0&#8243; sticky_enabled=\u00bb0&#8243;][\/et_pb_gallery][\/et_pb_column][\/et_pb_row][\/et_pb_section]<\/p>\n","protected":false},"excerpt":{"rendered":"<p>El pasado domingo, se vivi\u00f3 una gran jornada deportiva en la cancha \u201cDeportivo Coilaco\u201d, ubicada en los pies del cerro \u00d1ielol en la ciudad de Temuco. All\u00ed la selecci\u00f3n sub16 y sub13 de nuestro colegio (jugadores de quinto b\u00e1sico a cuarto medio) se midieron frente a sus similares del citado club, equipo que, por cierto, [&hellip;]<\/p>\n","protected":false},"author":1,"featured_media":248984,"comment_status":"open","ping_status":"open","sticky":false,"template":"","format":"standard","meta":{"_et_pb_use_builder":"on","_et_pb_old_content":"","_et_gb_content_width":"","_monsterinsights_skip_tracking":false,"_monsterinsights_sitenote_active":false,"_monsterinsights_sitenote_note":"","_monsterinsights_sitenote_category":0,"jetpack_post_was_ever_published":false,"footnotes":""},"categories":[39,247],"tags":[],"class_list":["post-248977","post","type-post","status-publish","format-standard","has-post-thumbnail","hentry","category-deportes","category-octubre-2022","et-has-post-format-content","et_post_format-et-post-format-standard"],"yoast_head":"<!-- This site is optimized with the Yoast SEO plugin v27.4 - https:\/\/yoast.com\/product\/yoast-seo-wordpress\/ -->\n<title>Copa de la Amistad 2022 - Colegio Concepci\u00f3n Los \u00c1ngeles<\/title>\n<meta name=\"description\" content=\"&quot;FORMANDO L\u00cdDERES PARA EL FUTURO&quot;\" \/>\n<meta name=\"robots\" content=\"index, follow, max-snippet:-1, max-image-preview:large, max-video-preview:-1\" \/>\n<link rel=\"canonical\" href=\"https:\/\/colegioconcepcionlosangeles.cl\/wp\/copa-de-la-amistad-2022\/\" \/>\n<meta property=\"og:locale\" content=\"es_ES\" \/>\n<meta property=\"og:type\" content=\"article\" \/>\n<meta property=\"og:title\" content=\"Copa de la Amistad 2022 - Colegio Concepci\u00f3n Los \u00c1ngeles\" \/>\n<meta property=\"og:description\" content=\"&quot;FORMANDO L\u00cdDERES PARA EL FUTURO&quot;\" \/>\n<meta property=\"og:url\" content=\"https:\/\/colegioconcepcionlosangeles.cl\/wp\/copa-de-la-amistad-2022\/\" \/>\n<meta property=\"og:site_name\" content=\"Colegio Concepci\u00f3n Los \u00c1ngeles\" \/>\n<meta property=\"article:publisher\" content=\"https:\/\/www.facebook.com\/colegioconcepcion.la\" \/>\n<meta property=\"article:author\" content=\"https:\/\/www.facebook.com\/colegioconcepcion.la\" \/>\n<meta property=\"article:published_time\" content=\"2022-10-06T11:53:10+00:00\" \/>\n<meta property=\"article:modified_time\" content=\"2022-10-06T11:53:20+00:00\" \/>\n<meta property=\"og:image\" content=\"https:\/\/colegioconcepcionlosangeles.cl\/wp\/wp-content\/uploads\/2022\/10\/copa-de-la-amistad-006.jpeg\" \/>\n\t<meta property=\"og:image:width\" content=\"1600\" \/>\n\t<meta property=\"og:image:height\" content=\"1200\" \/>\n\t<meta property=\"og:image:type\" content=\"image\/jpeg\" \/>\n<meta name=\"author\" content=\"CCLA\" \/>\n<meta name=\"twitter:card\" content=\"summary_large_image\" \/>\n<meta name=\"twitter:label1\" content=\"Escrito por\" \/>\n\t<meta name=\"twitter:data1\" content=\"CCLA\" \/>\n<script type=\"application\/ld+json\" class=\"yoast-schema-graph\">{\"@context\":\"https:\\\/\\\/schema.org\",\"@graph\":[{\"@type\":\"Article\",\"@id\":\"https:\\\/\\\/colegioconcepcionlosangeles.cl\\\/wp\\\/copa-de-la-amistad-2022\\\/#article\",\"isPartOf\":{\"@id\":\"https:\\\/\\\/colegioconcepcionlosangeles.cl\\\/wp\\\/copa-de-la-amistad-2022\\\/\"},\"author\":{\"name\":\"CCLA\",\"@id\":\"https:\\\/\\\/colegioconcepcionlosangeles.cl\\\/wp\\\/#\\\/schema\\\/person\\\/f7c6793d9d9dfc55972397c59429f143\"},\"headline\":\"Copa de la Amistad 2022\",\"datePublished\":\"2022-10-06T11:53:10+00:00\",\"dateModified\":\"2022-10-06T11:53:20+00:00\",\"mainEntityOfPage\":{\"@id\":\"https:\\\/\\\/colegioconcepcionlosangeles.cl\\\/wp\\\/copa-de-la-amistad-2022\\\/\"},\"wordCount\":489,\"commentCount\":0,\"publisher\":{\"@id\":\"https:\\\/\\\/colegioconcepcionlosangeles.cl\\\/wp\\\/#organization\"},\"image\":{\"@id\":\"https:\\\/\\\/colegioconcepcionlosangeles.cl\\\/wp\\\/copa-de-la-amistad-2022\\\/#primaryimage\"},\"thumbnailUrl\":\"https:\\\/\\\/colegioconcepcionlosangeles.cl\\\/wp\\\/wp-content\\\/uploads\\\/2022\\\/10\\\/copa-de-la-amistad-006.jpeg\",\"articleSection\":[\"Deportes\",\"Octubre 2022\"],\"inLanguage\":\"es\",\"potentialAction\":[{\"@type\":\"CommentAction\",\"name\":\"Comment\",\"target\":[\"https:\\\/\\\/colegioconcepcionlosangeles.cl\\\/wp\\\/copa-de-la-amistad-2022\\\/#respond\"]}]},{\"@type\":\"WebPage\",\"@id\":\"https:\\\/\\\/colegioconcepcionlosangeles.cl\\\/wp\\\/copa-de-la-amistad-2022\\\/\",\"url\":\"https:\\\/\\\/colegioconcepcionlosangeles.cl\\\/wp\\\/copa-de-la-amistad-2022\\\/\",\"name\":\"Copa de la Amistad 2022 - Colegio Concepci\u00f3n Los \u00c1ngeles\",\"isPartOf\":{\"@id\":\"https:\\\/\\\/colegioconcepcionlosangeles.cl\\\/wp\\\/#website\"},\"primaryImageOfPage\":{\"@id\":\"https:\\\/\\\/colegioconcepcionlosangeles.cl\\\/wp\\\/copa-de-la-amistad-2022\\\/#primaryimage\"},\"image\":{\"@id\":\"https:\\\/\\\/colegioconcepcionlosangeles.cl\\\/wp\\\/copa-de-la-amistad-2022\\\/#primaryimage\"},\"thumbnailUrl\":\"https:\\\/\\\/colegioconcepcionlosangeles.cl\\\/wp\\\/wp-content\\\/uploads\\\/2022\\\/10\\\/copa-de-la-amistad-006.jpeg\",\"datePublished\":\"2022-10-06T11:53:10+00:00\",\"dateModified\":\"2022-10-06T11:53:20+00:00\",\"description\":\"\\\"FORMANDO L\u00cdDERES PARA EL FUTURO\\\"\",\"breadcrumb\":{\"@id\":\"https:\\\/\\\/colegioconcepcionlosangeles.cl\\\/wp\\\/copa-de-la-amistad-2022\\\/#breadcrumb\"},\"inLanguage\":\"es\",\"potentialAction\":[{\"@type\":\"ReadAction\",\"target\":[\"https:\\\/\\\/colegioconcepcionlosangeles.cl\\\/wp\\\/copa-de-la-amistad-2022\\\/\"]}]},{\"@type\":\"ImageObject\",\"inLanguage\":\"es\",\"@id\":\"https:\\\/\\\/colegioconcepcionlosangeles.cl\\\/wp\\\/copa-de-la-amistad-2022\\\/#primaryimage\",\"url\":\"https:\\\/\\\/colegioconcepcionlosangeles.cl\\\/wp\\\/wp-content\\\/uploads\\\/2022\\\/10\\\/copa-de-la-amistad-006.jpeg\",\"contentUrl\":\"https:\\\/\\\/colegioconcepcionlosangeles.cl\\\/wp\\\/wp-content\\\/uploads\\\/2022\\\/10\\\/copa-de-la-amistad-006.jpeg\",\"width\":1600,\"height\":1200},{\"@type\":\"BreadcrumbList\",\"@id\":\"https:\\\/\\\/colegioconcepcionlosangeles.cl\\\/wp\\\/copa-de-la-amistad-2022\\\/#breadcrumb\",\"itemListElement\":[{\"@type\":\"ListItem\",\"position\":1,\"name\":\"Portada\",\"item\":\"https:\\\/\\\/colegioconcepcionlosangeles.cl\\\/wp\\\/\"},{\"@type\":\"ListItem\",\"position\":2,\"name\":\"Copa de la Amistad 2022\"}]},{\"@type\":\"WebSite\",\"@id\":\"https:\\\/\\\/colegioconcepcionlosangeles.cl\\\/wp\\\/#website\",\"url\":\"https:\\\/\\\/colegioconcepcionlosangeles.cl\\\/wp\\\/\",\"name\":\"Colegio Concepci\u00f3n Los \u00c1ngeles\",\"description\":\"FORMANDO L\u00cdDERES PARA EL FUTURO\",\"publisher\":{\"@id\":\"https:\\\/\\\/colegioconcepcionlosangeles.cl\\\/wp\\\/#organization\"},\"alternateName\":\"CCLA\",\"potentialAction\":[{\"@type\":\"SearchAction\",\"target\":{\"@type\":\"EntryPoint\",\"urlTemplate\":\"https:\\\/\\\/colegioconcepcionlosangeles.cl\\\/wp\\\/?s={search_term_string}\"},\"query-input\":{\"@type\":\"PropertyValueSpecification\",\"valueRequired\":true,\"valueName\":\"search_term_string\"}}],\"inLanguage\":\"es\"},{\"@type\":\"Organization\",\"@id\":\"https:\\\/\\\/colegioconcepcionlosangeles.cl\\\/wp\\\/#organization\",\"name\":\"Colegio Concepci\u00f3n Los \u00c1ngeles\",\"alternateName\":\"CCLA\",\"url\":\"https:\\\/\\\/colegioconcepcionlosangeles.cl\\\/wp\\\/\",\"logo\":{\"@type\":\"ImageObject\",\"inLanguage\":\"es\",\"@id\":\"https:\\\/\\\/colegioconcepcionlosangeles.cl\\\/wp\\\/#\\\/schema\\\/logo\\\/image\\\/\",\"url\":\"https:\\\/\\\/colegioconcepcionlosangeles.cl\\\/wp\\\/wp-content\\\/uploads\\\/2018\\\/03\\\/ccla-logo-75x.svg\",\"contentUrl\":\"https:\\\/\\\/colegioconcepcionlosangeles.cl\\\/wp\\\/wp-content\\\/uploads\\\/2018\\\/03\\\/ccla-logo-75x.svg\",\"width\":1,\"height\":1,\"caption\":\"Colegio Concepci\u00f3n Los \u00c1ngeles\"},\"image\":{\"@id\":\"https:\\\/\\\/colegioconcepcionlosangeles.cl\\\/wp\\\/#\\\/schema\\\/logo\\\/image\\\/\"},\"sameAs\":[\"https:\\\/\\\/www.facebook.com\\\/colegioconcepcion.la\",\"https:\\\/\\\/www.instagram.com\\\/colegioconcepcion.la\\\/\"]},{\"@type\":\"Person\",\"@id\":\"https:\\\/\\\/colegioconcepcionlosangeles.cl\\\/wp\\\/#\\\/schema\\\/person\\\/f7c6793d9d9dfc55972397c59429f143\",\"name\":\"CCLA\",\"image\":{\"@type\":\"ImageObject\",\"inLanguage\":\"es\",\"@id\":\"https:\\\/\\\/secure.gravatar.com\\\/avatar\\\/ac994213e6a93af76823e079a287b14fe0698202befabf987b8f236c62be82ec?s=96&d=mm&r=g\",\"url\":\"https:\\\/\\\/secure.gravatar.com\\\/avatar\\\/ac994213e6a93af76823e079a287b14fe0698202befabf987b8f236c62be82ec?s=96&d=mm&r=g\",\"contentUrl\":\"https:\\\/\\\/secure.gravatar.com\\\/avatar\\\/ac994213e6a93af76823e079a287b14fe0698202befabf987b8f236c62be82ec?s=96&d=mm&r=g\",\"caption\":\"CCLA\"},\"sameAs\":[\"https:\\\/\\\/colegiocncepcionlosangeles.cl\",\"https:\\\/\\\/www.facebook.com\\\/colegioconcepcion.la\",\"https:\\\/\\\/www.instagram.com\\\/colegioconcepcion.la\\\/\"]}]}<\/script>\n<!-- \/ Yoast SEO plugin. -->","yoast_head_json":{"title":"Copa de la Amistad 2022 - Colegio Concepci\u00f3n Los \u00c1ngeles","description":"\"FORMANDO L\u00cdDERES PARA EL FUTURO\"","robots":{"index":"index","follow":"follow","max-snippet":"max-snippet:-1","max-image-preview":"max-image-preview:large","max-video-preview":"max-video-preview:-1"},"canonical":"https:\/\/colegioconcepcionlosangeles.cl\/wp\/copa-de-la-amistad-2022\/","og_locale":"es_ES","og_type":"article","og_title":"Copa de la Amistad 2022 - Colegio Concepci\u00f3n Los \u00c1ngeles","og_description":"\"FORMANDO L\u00cdDERES PARA EL FUTURO\"","og_url":"https:\/\/colegioconcepcionlosangeles.cl\/wp\/copa-de-la-amistad-2022\/","og_site_name":"Colegio Concepci\u00f3n Los \u00c1ngeles","article_publisher":"https:\/\/www.facebook.com\/colegioconcepcion.la","article_author":"https:\/\/www.facebook.com\/colegioconcepcion.la","article_published_time":"2022-10-06T11:53:10+00:00","article_modified_time":"2022-10-06T11:53:20+00:00","og_image":[{"width":1600,"height":1200,"url":"https:\/\/colegioconcepcionlosangeles.cl\/wp\/wp-content\/uploads\/2022\/10\/copa-de-la-amistad-006.jpeg","type":"image\/jpeg"}],"author":"CCLA","twitter_card":"summary_large_image","twitter_misc":{"Escrito por":"CCLA"},"schema":{"@context":"https:\/\/schema.org","@graph":[{"@type":"Article","@id":"https:\/\/colegioconcepcionlosangeles.cl\/wp\/copa-de-la-amistad-2022\/#article","isPartOf":{"@id":"https:\/\/colegioconcepcionlosangeles.cl\/wp\/copa-de-la-amistad-2022\/"},"author":{"name":"CCLA","@id":"https:\/\/colegioconcepcionlosangeles.cl\/wp\/#\/schema\/person\/f7c6793d9d9dfc55972397c59429f143"},"headline":"Copa de la Amistad 2022","datePublished":"2022-10-06T11:53:10+00:00","dateModified":"2022-10-06T11:53:20+00:00","mainEntityOfPage":{"@id":"https:\/\/colegioconcepcionlosangeles.cl\/wp\/copa-de-la-amistad-2022\/"},"wordCount":489,"commentCount":0,"publisher":{"@id":"https:\/\/colegioconcepcionlosangeles.cl\/wp\/#organization"},"image":{"@id":"https:\/\/colegioconcepcionlosangeles.cl\/wp\/copa-de-la-amistad-2022\/#primaryimage"},"thumbnailUrl":"https:\/\/colegioconcepcionlosangeles.cl\/wp\/wp-content\/uploads\/2022\/10\/copa-de-la-amistad-006.jpeg","articleSection":["Deportes","Octubre 2022"],"inLanguage":"es","potentialAction":[{"@type":"CommentAction","name":"Comment","target":["https:\/\/colegioconcepcionlosangeles.cl\/wp\/copa-de-la-amistad-2022\/#respond"]}]},{"@type":"WebPage","@id":"https:\/\/colegioconcepcionlosangeles.cl\/wp\/copa-de-la-amistad-2022\/","url":"https:\/\/colegioconcepcionlosangeles.cl\/wp\/copa-de-la-amistad-2022\/","name":"Copa de la Amistad 2022 - Colegio Concepci\u00f3n Los \u00c1ngeles","isPartOf":{"@id":"https:\/\/colegioconcepcionlosangeles.cl\/wp\/#website"},"primaryImageOfPage":{"@id":"https:\/\/colegioconcepcionlosangeles.cl\/wp\/copa-de-la-amistad-2022\/#primaryimage"},"image":{"@id":"https:\/\/colegioconcepcionlosangeles.cl\/wp\/copa-de-la-amistad-2022\/#primaryimage"},"thumbnailUrl":"https:\/\/colegioconcepcionlosangeles.cl\/wp\/wp-content\/uploads\/2022\/10\/copa-de-la-amistad-006.jpeg","datePublished":"2022-10-06T11:53:10+00:00","dateModified":"2022-10-06T11:53:20+00:00","description":"\"FORMANDO L\u00cdDERES PARA EL FUTURO\"","breadcrumb":{"@id":"https:\/\/colegioconcepcionlosangeles.cl\/wp\/copa-de-la-amistad-2022\/#breadcrumb"},"inLanguage":"es","potentialAction":[{"@type":"ReadAction","target":["https:\/\/colegioconcepcionlosangeles.cl\/wp\/copa-de-la-amistad-2022\/"]}]},{"@type":"ImageObject","inLanguage":"es","@id":"https:\/\/colegioconcepcionlosangeles.cl\/wp\/copa-de-la-amistad-2022\/#primaryimage","url":"https:\/\/colegioconcepcionlosangeles.cl\/wp\/wp-content\/uploads\/2022\/10\/copa-de-la-amistad-006.jpeg","contentUrl":"https:\/\/colegioconcepcionlosangeles.cl\/wp\/wp-content\/uploads\/2022\/10\/copa-de-la-amistad-006.jpeg","width":1600,"height":1200},{"@type":"BreadcrumbList","@id":"https:\/\/colegioconcepcionlosangeles.cl\/wp\/copa-de-la-amistad-2022\/#breadcrumb","itemListElement":[{"@type":"ListItem","position":1,"name":"Portada","item":"https:\/\/colegioconcepcionlosangeles.cl\/wp\/"},{"@type":"ListItem","position":2,"name":"Copa de la Amistad 2022"}]},{"@type":"WebSite","@id":"https:\/\/colegioconcepcionlosangeles.cl\/wp\/#website","url":"https:\/\/colegioconcepcionlosangeles.cl\/wp\/","name":"Colegio Concepci\u00f3n Los \u00c1ngeles","description":"FORMANDO L\u00cdDERES PARA EL FUTURO","publisher":{"@id":"https:\/\/colegioconcepcionlosangeles.cl\/wp\/#organization"},"alternateName":"CCLA","potentialAction":[{"@type":"SearchAction","target":{"@type":"EntryPoint","urlTemplate":"https:\/\/colegioconcepcionlosangeles.cl\/wp\/?s={search_term_string}"},"query-input":{"@type":"PropertyValueSpecification","valueRequired":true,"valueName":"search_term_string"}}],"inLanguage":"es"},{"@type":"Organization","@id":"https:\/\/colegioconcepcionlosangeles.cl\/wp\/#organization","name":"Colegio Concepci\u00f3n Los \u00c1ngeles","alternateName":"CCLA","url":"https:\/\/colegioconcepcionlosangeles.cl\/wp\/","logo":{"@type":"ImageObject","inLanguage":"es","@id":"https:\/\/colegioconcepcionlosangeles.cl\/wp\/#\/schema\/logo\/image\/","url":"https:\/\/colegioconcepcionlosangeles.cl\/wp\/wp-content\/uploads\/2018\/03\/ccla-logo-75x.svg","contentUrl":"https:\/\/colegioconcepcionlosangeles.cl\/wp\/wp-content\/uploads\/2018\/03\/ccla-logo-75x.svg","width":1,"height":1,"caption":"Colegio Concepci\u00f3n Los \u00c1ngeles"},"image":{"@id":"https:\/\/colegioconcepcionlosangeles.cl\/wp\/#\/schema\/logo\/image\/"},"sameAs":["https:\/\/www.facebook.com\/colegioconcepcion.la","https:\/\/www.instagram.com\/colegioconcepcion.la\/"]},{"@type":"Person","@id":"https:\/\/colegioconcepcionlosangeles.cl\/wp\/#\/schema\/person\/f7c6793d9d9dfc55972397c59429f143","name":"CCLA","image":{"@type":"ImageObject","inLanguage":"es","@id":"https:\/\/secure.gravatar.com\/avatar\/ac994213e6a93af76823e079a287b14fe0698202befabf987b8f236c62be82ec?s=96&d=mm&r=g","url":"https:\/\/secure.gravatar.com\/avatar\/ac994213e6a93af76823e079a287b14fe0698202befabf987b8f236c62be82ec?s=96&d=mm&r=g","contentUrl":"https:\/\/secure.gravatar.com\/avatar\/ac994213e6a93af76823e079a287b14fe0698202befabf987b8f236c62be82ec?s=96&d=mm&r=g","caption":"CCLA"},"sameAs":["https:\/\/colegiocncepcionlosangeles.cl","https:\/\/www.facebook.com\/colegioconcepcion.la","https:\/\/www.instagram.com\/colegioconcepcion.la\/"]}]}},"jetpack_featured_media_url":"https:\/\/colegioconcepcionlosangeles.cl\/wp\/wp-content\/uploads\/2022\/10\/copa-de-la-amistad-006.jpeg","jetpack_shortlink":"https:\/\/wp.me\/p7pFNL-12LL","jetpack_sharing_enabled":true,"amp_enabled":true,"_links":{"self":[{"href":"https:\/\/colegioconcepcionlosangeles.cl\/wp\/wp-json\/wp\/v2\/posts\/248977","targetHints":{"allow":["GET"]}}],"collection":[{"href":"https:\/\/colegioconcepcionlosangeles.cl\/wp\/wp-json\/wp\/v2\/posts"}],"about":[{"href":"https:\/\/colegioconcepcionlosangeles.cl\/wp\/wp-json\/wp\/v2\/types\/post"}],"author":[{"embeddable":true,"href":"https:\/\/colegioconcepcionlosangeles.cl\/wp\/wp-json\/wp\/v2\/users\/1"}],"replies":[{"embeddable":true,"href":"https:\/\/colegioconcepcionlosangeles.cl\/wp\/wp-json\/wp\/v2\/comments?post=248977"}],"version-history":[{"count":0,"href":"https:\/\/colegioconcepcionlosangeles.cl\/wp\/wp-json\/wp\/v2\/posts\/248977\/revisions"}],"wp:featuredmedia":[{"embeddable":true,"href":"https:\/\/colegioconcepcionlosangeles.cl\/wp\/wp-json\/wp\/v2\/media\/248984"}],"wp:attachment":[{"href":"https:\/\/colegioconcepcionlosangeles.cl\/wp\/wp-json\/wp\/v2\/media?parent=248977"}],"wp:term":[{"taxonomy":"category","embeddable":true,"href":"https:\/\/colegioconcepcionlosangeles.cl\/wp\/wp-json\/wp\/v2\/categories?post=248977"},{"taxonomy":"post_tag","embeddable":true,"href":"https:\/\/colegioconcepcionlosangeles.cl\/wp\/wp-json\/wp\/v2\/tags?post=248977"}],"curies":[{"name":"wp","href":"https:\/\/api.w.org\/{rel}","templated":true}]}}